{"id":911,"date":"2023-07-27T02:26:37","date_gmt":"2023-07-27T07:26:37","guid":{"rendered":"https:\/\/caap-tujitegemee.org\/?p=911"},"modified":"2026-04-21T05:59:16","modified_gmt":"2026-04-21T10:59:16","slug":"pdl-145t-satisfaction-du-vice-ministre-du-plan-pour-la-realisation-des-travaux-du-bceco-a-masisi","status":"publish","type":"post","link":"https:\/\/caap-tujitegemee.org\/en\/news\/projets\/pdl-145t-satisfaction-du-vice-ministre-du-plan-pour-la-realisation-des-travaux-du-bceco-a-masisi\/","title":{"rendered":"PDL 145T\u00a0: Satisfaction du vice-ministre du plan pour la r\u00e9alisation des travaux du BCeCo \u00e0 MASISI"},"content":{"rendered":"<p>Le Vice-ministre du plan en RDC, Pascal BITIKI OMANA a visit\u00e9 en date du 2 juillet deux chantiers sur les 14 construits dans le territoire de MASISI, dans le cadre du programme de d\u00e9veloppement local de 145 Territoires. L\u2019Excellence a visit\u00e9 notamment le chantier de l\u2019EP KASHOPFU 2 \u00e0 Sake dans le groupement KAMURONZA et ensuite l\u2019EP NGERERO en groupement MUPFUNYI-SHANGA.<\/p>\n\n\n\n<p>Tous ces deux chantiers ont atteint plus de 90% de taux d\u2019ex\u00e9cution, ce qui r\u00e9jouit le Ministre&nbsp;: <em>\u00ab&nbsp;Entant que politique et membre du Gouvernement, nous nous devons aussi de f\u00e9liciter le BCeCo qui est en train de travailler intelligemment et avec l\u2019amour du pays&nbsp;\u00bb,<\/em> a d\u00e9clar\u00e9 Pascal OMANA dans la cour de l\u2019EP NGERERO \u00e0 BWEREMANA&nbsp;;<\/p>\n\n\n\n<figure class=\"wp-block-image size-large\"><img data-recalc-dims=\"1\" loading=\"lazy\" decoding=\"async\" width=\"1024\" height=\"683\" src=\"https:\/\/i0.wp.com\/caap-tujitegemee.org\/wp-content\/uploads\/2023\/07\/IMG_8358.jpg?resize=1024%2C683&#038;ssl=1\" alt=\"\" class=\"wp-image-913\" srcset=\"https:\/\/caap-tujitegemee.org\/wp-content\/uploads\/2023\/07\/IMG_8358-980x653.jpg 980w, https:\/\/caap-tujitegemee.org\/wp-content\/uploads\/2023\/07\/IMG_8358-480x320.jpg 480w\" sizes=\"(min-width: 0px) and (max-width: 480px) 480px, (min-width: 481px) and (max-width: 980px) 980px, (min-width: 981px) 1024px, 100vw\" \/><\/figure>\n\n\n\n<p>La visite du vice-ministre du plan occasionne ainsi des \u00e9changes avec l\u2019agence locale d\u2019ex\u00e9cution du PDL 145T, CAAP-TUJITEGEMEE qui \u00e9num\u00e8re s\u00e9rieuses difficult\u00e9s rencontr\u00e9es pendant la r\u00e9alisation des travaux en territoire de MASISI. Il s\u2019agit notamment de l\u2019impraticabilit\u00e9 des routes et des affrontements r\u00e9p\u00e9t\u00e9s entre l\u2019arm\u00e9e Congolaise et le M23 sur plusieurs zones d\u2019ex\u00e9cution du programme initi\u00e9 par le Chef de l\u2019Etat, F\u00e9lix Antoine TSHISEKEDI TSHILOMBO. Malgr\u00e9 ces d\u00e9fis majeurs, l\u2019Ing\u00e9nieur Germain, du CAAP-TUJITEGEMEE, a assur\u00e9 le Ministre que les \u0153uvres achev\u00e9es seront inaugur\u00e9es au mois d\u2019ao\u00fbt et cela pour tous les sites.<\/p>\n\n\n\n<figure class=\"wp-block-embed is-type-video is-provider-youtube wp-block-embed-youtube wp-embed-aspect-16-9 wp-has-aspect-ratio\"><div class=\"wp-block-embed__wrapper\">\n<iframe loading=\"lazy\" title=\"PDL 145 T: Programme achev\u00e9 malgr\u00e9 le M23 \u00e0 MASISI, la soci\u00e9t\u00e9 civile f\u00e9licite SE F\u00e9lix TSHISEKEDI\" width=\"1080\" height=\"608\" src=\"https:\/\/www.youtube.com\/embed\/8Xtsr_zeeSA?feature=oembed\"  allow=\"accelerometer; autoplay; clipboard-write; encrypted-media; gyroscope; picture-in-picture; web-share\" allowfullscreen><\/iframe>\n<\/div><\/figure>\n\n\n\n<p><strong>@Cellule de Communication CAAP-T\/ Ghislain BARAKA<\/strong><\/p>","protected":false},"excerpt":{"rendered":"","protected":false},"author":3,"featured_media":912,"comment_status":"open","ping_status":"open","sticky":false,"template":"","format":"standard","meta":{"_acf_changed":false,"_jetpack_memberships_contains_paid_content":false,"footnotes":"","jetpack_publicize_message":"","jetpack_publicize_feature_enabled":true,"jetpack_social_post_already_shared":true,"jetpack_social_options":{"image_generator_settings":{"template":"highway","default_image_id":0,"font":"","enabled":false},"version":2}},"categories":[8,5,6],"tags":[81,82,11,16,54,10,83,13],"class_list":["post-911","post","type-post","status-publish","format-standard","has-post-thumbnail","hentry","category-general","category-projets","category-realisations","tag-congo-kishasa","tag-developpement-masisi","tag-felix-tshisekedi","tag-ghislain-baraka","tag-louis-muhawe","tag-pdl-145t","tag-presidence-rdc","tag-territoire-de-masisi"],"acf":[],"dsm_author":{"name":"Ghislain Baraka","avatar_url":"https:\/\/caap-tujitegemee.org\/wp-content\/litespeed\/avatar\/6c87c846eff74cec201f655b6ce6293a.jpg?ver=1777094346","archive_link":"https:\/\/caap-tujitegemee.org\/en\/news\/author\/gbaraka\/","biodata":""},"dsm_categories":[{"term_name":"G\u00e9n\u00e9ral","term_id":8,"term_link":"https:\/\/caap-tujitegemee.org\/en\/news\/category\/general\/"},{"term_name":"Projets","term_id":5,"term_link":"https:\/\/caap-tujitegemee.org\/en\/news\/category\/projets\/"},{"term_name":"R\u00e9alisations","term_id":6,"term_link":"https:\/\/caap-tujitegemee.org\/en\/news\/category\/realisations\/"}],"dsm_attachment_categories":[],"dsm_featured_image":{"thumbnail":"https:\/\/i0.wp.com\/caap-tujitegemee.org\/wp-content\/uploads\/2023\/07\/photo-ghislain-scaled.jpg?resize=150%2C150&ssl=1","medium":"https:\/\/i0.wp.com\/caap-tujitegemee.org\/wp-content\/uploads\/2023\/07\/photo-ghislain-scaled.jpg?fit=300%2C200&ssl=1","medium_large":"https:\/\/i0.wp.com\/caap-tujitegemee.org\/wp-content\/uploads\/2023\/07\/photo-ghislain-scaled.jpg?fit=768%2C512&ssl=1","large":"https:\/\/i0.wp.com\/caap-tujitegemee.org\/wp-content\/uploads\/2023\/07\/photo-ghislain-scaled.jpg?fit=1024%2C683&ssl=1","1536x1536":"https:\/\/i0.wp.com\/caap-tujitegemee.org\/wp-content\/uploads\/2023\/07\/photo-ghislain-scaled.jpg?fit=1536%2C1024&ssl=1","2048x2048":"https:\/\/i0.wp.com\/caap-tujitegemee.org\/wp-content\/uploads\/2023\/07\/photo-ghislain-scaled.jpg?fit=2048%2C1365&ssl=1","trp-custom-language-flag":"https:\/\/i0.wp.com\/caap-tujitegemee.org\/wp-content\/uploads\/2023\/07\/photo-ghislain-scaled.jpg?fit=18%2C12&ssl=1","et-pb-post-main-image":"https:\/\/i0.wp.com\/caap-tujitegemee.org\/wp-content\/uploads\/2023\/07\/photo-ghislain-scaled.jpg?resize=400%2C250&ssl=1","et-pb-post-main-image-fullwidth":"https:\/\/i0.wp.com\/caap-tujitegemee.org\/wp-content\/uploads\/2023\/07\/photo-ghislain-scaled.jpg?resize=1080%2C675&ssl=1","et-pb-portfolio-image":"https:\/\/i0.wp.com\/caap-tujitegemee.org\/wp-content\/uploads\/2023\/07\/photo-ghislain-scaled.jpg?resize=400%2C284&ssl=1","et-pb-portfolio-module-image":"https:\/\/i0.wp.com\/caap-tujitegemee.org\/wp-content\/uploads\/2023\/07\/photo-ghislain-scaled.jpg?resize=510%2C382&ssl=1","et-pb-portfolio-image-single":"https:\/\/i0.wp.com\/caap-tujitegemee.org\/wp-content\/uploads\/2023\/07\/photo-ghislain-scaled.jpg?fit=1080%2C720&ssl=1","et-pb-gallery-module-image-portrait":"https:\/\/i0.wp.com\/caap-tujitegemee.org\/wp-content\/uploads\/2023\/07\/photo-ghislain-scaled.jpg?resize=400%2C516&ssl=1","et-pb-post-main-image-fullwidth-large":"https:\/\/i0.wp.com\/caap-tujitegemee.org\/wp-content\/uploads\/2023\/07\/photo-ghislain-scaled.jpg?resize=2560%2C1707&ssl=1","et-pb-image--responsive--desktop":"https:\/\/i0.wp.com\/caap-tujitegemee.org\/wp-content\/uploads\/2023\/07\/photo-ghislain-scaled.jpg?resize=1079%2C720&ssl=1","et-pb-image--responsive--tablet":"https:\/\/i0.wp.com\/caap-tujitegemee.org\/wp-content\/uploads\/2023\/07\/photo-ghislain-scaled.jpg?resize=827%2C551&ssl=1","et-pb-image--responsive--phone":"https:\/\/i0.wp.com\/caap-tujitegemee.org\/wp-content\/uploads\/2023\/07\/photo-ghislain-scaled.jpg?resize=405%2C270&ssl=1","full":"https:\/\/i0.wp.com\/caap-tujitegemee.org\/wp-content\/uploads\/2023\/07\/photo-ghislain-scaled.jpg?fit=2560%2C1707&ssl=1"},"jetpack_publicize_connections":[],"jetpack_featured_media_url":"https:\/\/i0.wp.com\/caap-tujitegemee.org\/wp-content\/uploads\/2023\/07\/photo-ghislain-scaled.jpg?fit=2560%2C1707&ssl=1","jetpack_sharing_enabled":true,"_links":{"self":[{"href":"https:\/\/caap-tujitegemee.org\/en\/wp-json\/wp\/v2\/posts\/911","targetHints":{"allow":["GET"]}}],"collection":[{"href":"https:\/\/caap-tujitegemee.org\/en\/wp-json\/wp\/v2\/posts"}],"about":[{"href":"https:\/\/caap-tujitegemee.org\/en\/wp-json\/wp\/v2\/types\/post"}],"author":[{"embeddable":true,"href":"https:\/\/caap-tujitegemee.org\/en\/wp-json\/wp\/v2\/users\/3"}],"replies":[{"embeddable":true,"href":"https:\/\/caap-tujitegemee.org\/en\/wp-json\/wp\/v2\/comments?post=911"}],"version-history":[{"count":3,"href":"https:\/\/caap-tujitegemee.org\/en\/wp-json\/wp\/v2\/posts\/911\/revisions"}],"predecessor-version":[{"id":1249,"href":"https:\/\/caap-tujitegemee.org\/en\/wp-json\/wp\/v2\/posts\/911\/revisions\/1249"}],"wp:featuredmedia":[{"embeddable":true,"href":"https:\/\/caap-tujitegemee.org\/en\/wp-json\/wp\/v2\/media\/912"}],"wp:attachment":[{"href":"https:\/\/caap-tujitegemee.org\/en\/wp-json\/wp\/v2\/media?parent=911"}],"wp:term":[{"taxonomy":"category","embeddable":true,"href":"https:\/\/caap-tujitegemee.org\/en\/wp-json\/wp\/v2\/categories?post=911"},{"taxonomy":"post_tag","embeddable":true,"href":"https:\/\/caap-tujitegemee.org\/en\/wp-json\/wp\/v2\/tags?post=911"}],"curies":[{"name":"wp","href":"https:\/\/api.w.org\/{rel}","templated":true}]}}